{"id":31986,"date":"2019-03-18T21:19:14","date_gmt":"2019-03-18T20:19:14","guid":{"rendered":"https:\/\/fabriceleroux.com\/?page_id=31986"},"modified":"2025-01-27T17:39:23","modified_gmt":"2025-01-27T16:39:23","slug":"residence-trimaran-zuydcoote","status":"publish","type":"post","link":"https:\/\/fabriceleroux.com\/en\/residence-trimaran-zuydcoote\/","title":{"rendered":"Residence-mission at Mas le Trimaran in Zuydcoote"},"content":{"rendered":"<p>[et_pb_section fb_built=\u00a0\u00bb1&Prime; fullwidth=\u00a0\u00bbon\u00a0\u00bb _builder_version=\u00a0\u00bb3.25.4&Prime; global_module=\u00a0\u00bb32977&Prime; saved_tabs=\u00a0\u00bball\u00a0\u00bb locked=\u00a0\u00bboff\u00a0\u00bb global_colors_info=\u00a0\u00bb{}\u00a0\u00bb][et_pb_fullwidth_slider _builder_version=\u00a0\u00bb4.16&Prime; header_font=\u00a0\u00bb||||||||\u00a0\u00bb custom_padding=\u00a0\u00bb7px|7px|7px|7px\u00a0\u00bb global_colors_info=\u00a0\u00bb{}\u00a0\u00bb][et_pb_slide heading=\u00a0\u00bbR\u00e9sidence-mission Mas le Trimaran Zuydcoote\u00a0\u00bb image=\u00a0\u00bbhttps:\/\/fabriceleroux.com\/wp-content\/uploads\/2019\/04\/Capillarit\u00e9.jpg\u00a0\u00bb use_bg_overlay=\u00a0\u00bbon\u00a0\u00bb bg_overlay_color=\u00a0\u00bb#000000&Prime; use_text_overlay=\u00a0\u00bbon\u00a0\u00bb text_overlay_color=\u00a0\u00bb#000000&Prime; text_border_radius=\u00a0\u00bb0px\u00a0\u00bb _builder_version=\u00a0\u00bb4.16&Prime; header_level=\u00a0\u00bbh6&Prime; header_font=\u00a0\u00bb|||||on|||\u00a0\u00bb header_text_align=\u00a0\u00bbcenter\u00a0\u00bb header_text_color=\u00a0\u00bb#FFFFFF\u00a0\u00bb header_font_size=\u00a0\u00bb17px\u00a0\u00bb body_font=\u00a0\u00bb||||||||\u00a0\u00bb body_text_align=\u00a0\u00bbcenter\u00a0\u00bb body_text_color=\u00a0\u00bb#ededed\u00a0\u00bb body_line_height=\u00a0\u00bb1.1em\u00a0\u00bb body_quote_font=\u00a0\u00bb||||||||\u00a0\u00bb max_width=\u00a0\u00bb100%\u00a0\u00bb box_shadow_style_image=\u00a0\u00bbpreset2&Prime; global_colors_info=\u00a0\u00bb{}\u00a0\u00bb sticky_transition=\u00a0\u00bbon\u00a0\u00bb]<\/p>\n<div class=\"et_pb_module et_pb_text et_pb_text_0 et_pb_bg_layout_light  et_pb_text_align_center\">\n<div class=\"et_pb_text_inner\">\n<h4 style=\"text-align: center;\"><span style=\"color: #999999;\">Du 18 mars au 6 avril 2019.<\/span><\/h4>\n<h4 style=\"text-align: center;\"><span style=\"color: #999999;\">Avec le soutien de la DRAC et de l\u2019ARS Hauts-de-France.<\/span><\/h4>\n<\/div>\n<\/div>\n<p>[\/et_pb_slide][\/et_pb_fullwidth_slider][\/et_pb_section][et_pb_section fb_built=\u00a0\u00bb1&Prime; _builder_version=\u00a0\u00bb4.16&Prime; custom_padding=\u00a0\u00bb0px||0px|||\u00a0\u00bb global_colors_info=\u00a0\u00bb{}\u00a0\u00bb][et_pb_row column_structure=\u00a0\u00bb1_2,1_2&Prime; _builder_version=\u00a0\u00bb4.16&Prime; global_colors_info=\u00a0\u00bb{}\u00a0\u00bb][et_pb_column type=\u00a0\u00bb1_2&Prime; _builder_version=\u00a0\u00bb4.16&Prime; custom_padding=\u00a0\u00bb|7px||7px\u00a0\u00bb global_colors_info=\u00a0\u00bb{}\u00a0\u00bb custom_padding__hover=\u00a0\u00bb|||\u00a0\u00bb][et_pb_image src=\u00a0\u00bbhttps:\/\/fabriceleroux.com\/wp-content\/uploads\/2019\/03\/TRIMARAN-1-2.gif\u00a0\u00bb show_bottom_space=\u00a0\u00bboff\u00a0\u00bb align_tablet=\u00a0\u00bbcenter\u00a0\u00bb align_phone=\u00a0\u00bb\u00a0\u00bb align_last_edited=\u00a0\u00bbon|desktop\u00a0\u00bb _builder_version=\u00a0\u00bb4.16&Prime; custom_margin=\u00a0\u00bb||17px\u00a0\u00bb global_colors_info=\u00a0\u00bb{}\u00a0\u00bb]<br \/>\n[\/et_pb_image][et_pb_text _builder_version=\u00a0\u00bb4.27.4&Prime; text_font=\u00a0\u00bb||||||||\u00a0\u00bb text_text_color=\u00a0\u00bb#777777&Prime; header_4_text_color=\u00a0\u00bb#000000&Prime; header_4_line_height=\u00a0\u00bb1.2em\u00a0\u00bb header_5_font=\u00a0\u00bb|300|||||||\u00a0\u00bb max_width=\u00a0\u00bb97%\u00a0\u00bb module_alignment=\u00a0\u00bbcenter\u00a0\u00bb custom_margin_tablet=\u00a0\u00bb\u00a0\u00bb custom_margin_phone=\u00a0\u00bb\u00a0\u00bb custom_margin_last_edited=\u00a0\u00bbon|desktop\u00a0\u00bb hover_enabled=\u00a0\u00bb0&Prime; z_index_tablet=\u00a0\u00bb500&Prime; inline_fonts=\u00a0\u00bbArial,Georgia\u00a0\u00bb global_colors_info=\u00a0\u00bb{}\u00a0\u00bb header_line_height__hover_enabled=\u00a0\u00bbon\u00a0\u00bb sticky_enabled=\u00a0\u00bb0&Prime;]<\/p>\n<p style=\"text-align: justify;\"><span style=\"font-family: inherit; color: #777777; font-weight: normal;\">P\u00eale-m\u00eale : S* d\u00e9teste le lundi, la s\u00e9ance de <strong>Snoezelen<\/strong>** de 45 minutes per\u00e7ue comme 10. L&rsquo;expressivit\u00e9 du regard de M* durant cette s\u00e9ance.<\/span><\/p>\n<p style=\"text-align: justify;\"><span style=\"font-family: inherit; color: #777777; font-weight: normal;\">Le phras\u00e9 si diff\u00e9rent de la synth\u00e8se vocale, son rythme, les rythmes tous si diff\u00e9rents, et le cadre, les protocoles, le quotidien, les rendez-vous r\u00e9guliers, repas,activit\u00e9s ou pas, m\u00e9dicaments, petits incidents, les bruits divers que les professionnels entendent sans entendre avec ce petit d\u00e9tecteur qui scanne en cas d&rsquo;alerte.<\/span><\/p>\n<p style=\"text-align: justify;\"><span style=\"font-family: inherit; color: #777777; font-weight: normal;\">Et mon rythme, il en est o\u00f9 ?<\/span><\/p>\n<p style=\"text-align: justify;\"><span style=\"font-family: inherit; color: #777777; font-weight: normal;\">Ralentir, s&rsquo;adapter, \u00e0 contre temps, \u00eatre l\u00e0 dans l&rsquo;instant pour laisser \u00e9merger&#8230;<\/span><\/p>\n<p style=\"text-align: justify;\"><span style=\"color: #777777; font-family: inherit; font-weight: normal;\">\u00a0<\/span><\/p>\n<p style=\"text-align: justify;\"><span style=\"color: #777777; font-family: inherit; font-weight: normal;\">* Les personnes seront nomm\u00e9es par une lettre par soucis d&rsquo;anonymat.<\/span><\/p>\n<p style=\"text-align: justify;\"><span style=\"color: #777777; font-family: inherit; font-weight: normal;\">**D\u00e9velopp\u00e9 dans les ann\u00e9es 1970 , le terme <strong>Snoezelen<\/strong> est la contraction de <em>Snuffelen<\/em> (renifler, sentir) et de <em>Doezelen<\/em> (somnoler), que l&rsquo;on pourrait traduire autour de la notion d\u2019exploration sensorielle et de d\u00e9tente. Le <strong>Snoezelen<\/strong> est une activit\u00e9 v\u00e9cue dans un espace sp\u00e9cialement am\u00e9nag\u00e9, \u00e9clair\u00e9 d&rsquo;une lumi\u00e8re tamis\u00e9e, berc\u00e9 d&rsquo;une musique douce, un espace dont le but est de recr\u00e9er une ambiance agr\u00e9able.<\/span><\/p>\n<p style=\"text-align: justify;\">\n<p><span style=\"font-family: inherit; font-weight: normal;\">Des premi\u00e8res fois, des souvenirs plus anciens, des souvenirs enfouis.<\/span><\/p>\n<p><span style=\"font-family: inherit; font-weight: normal;\">La m\u00e9moire comme une \u00e9chelle temporelle.<\/span><\/p>\n<p><span style=\"font-family: inherit; font-weight: normal;\">Sans crier gare, sans s&rsquo;y attendre, surgit l&rsquo;indicible, l&rsquo;ind\u00e9finissable, l&rsquo;inexprimable, \u00ab\u00a0l&rsquo;inquantifiable\u00a0\u00bb. Des yeux brillent, me disent tant sur une qualit\u00e9 relationnelle privil\u00e9gi\u00e9e.<\/span><\/p>\n<p><span style=\"font-family: inherit; font-weight: normal;\">La perception celle d&rsquo;un monde \u00ab\u00a0ext\u00e9rieur\u00a0\u00bb, de ses coll\u00e8gues, des familles, des cadres, du temps qui passe.<\/span><\/p>\n<p style=\"text-align: left;\">[\/et_pb_text][\/et_pb_column][et_pb_column type=\u00a0\u00bb1_2&Prime; _builder_version=\u00a0\u00bb4.16&Prime; custom_padding=\u00a0\u00bb|||\u00a0\u00bb global_colors_info=\u00a0\u00bb{}\u00a0\u00bb custom_padding__hover=\u00a0\u00bb|||\u00a0\u00bb][et_pb_text _builder_version=\u00a0\u00bb4.27.4&Prime; text_font=\u00a0\u00bb||||||||\u00a0\u00bb text_text_color=\u00a0\u00bb#777777&Prime; header_4_text_color=\u00a0\u00bb#000000&Prime; header_4_line_height=\u00a0\u00bb1.2em\u00a0\u00bb header_5_font=\u00a0\u00bb|300|||||||\u00a0\u00bb text_orientation=\u00a0\u00bbjustify\u00a0\u00bb max_width=\u00a0\u00bb97%\u00a0\u00bb module_alignment=\u00a0\u00bbcenter\u00a0\u00bb custom_margin=\u00a0\u00bb||0px\u00a0\u00bb custom_margin_tablet=\u00a0\u00bb\u00a0\u00bb custom_margin_phone=\u00a0\u00bb\u00a0\u00bb custom_margin_last_edited=\u00a0\u00bbon|desktop\u00a0\u00bb hover_enabled=\u00a0\u00bb0&Prime; z_index_tablet=\u00a0\u00bb500&Prime; text_text_align=\u00a0\u00bbjustify\u00a0\u00bb global_colors_info=\u00a0\u00bb{}\u00a0\u00bb header_line_height__hover_enabled=\u00a0\u00bbon\u00a0\u00bb sticky_enabled=\u00a0\u00bb0&Prime;]<\/p>\n<p style=\"text-align: justify;\"><span style=\"font-weight: normal; font-family: inherit;\">S&rsquo;interroger sur le temps au sein d&rsquo;une Maison d\u2019Accueil Sp\u00e9cialis\u00e9e.<\/span><\/p>\n<p style=\"text-align: justify;\"><span style=\"font-weight: normal; font-family: inherit;\">Y-a-t-il un rythme diff\u00e9rent dans l&rsquo;institut?<\/span><\/p>\n<p style=\"text-align: justify;\"><span style=\"font-weight: normal; font-family: inherit;\">Des ponctuations sonores : \u00ab\u00a0C* va dans ta chambre !\u00a0\u00bb, bruits de pas qui couinent sur le sol plastifi\u00e9, paroles incompr\u00e9hensibles, borborygmes, le ronron m\u00e9tronomique du compresseur de la machine \u00e0 caf\u00e9.<\/span><\/p>\n<p style=\"text-align: justify;\"><span style=\"font-weight: normal; font-family: inherit;\">A intervalle r\u00e9gulier, la lumi\u00e8re du couloir s&rsquo;\u00e9teint. De nouveau au loin les semelles croassent, quelqu&rsquo;un siffle <em><strong>maya l&rsquo;abeille.<\/strong><\/em><\/span><\/p>\n<p style=\"text-align: justify;\"><span style=\"font-weight: normal; font-family: inherit;\">Dans l&rsquo;attente les sens s&rsquo;affinent&#8230;<\/span><\/p>\n<p style=\"text-align: justify;\"><span style=\"font-weight: normal; font-family: inherit;\">M\u00e9tronomique aussi l&rsquo;annonce lumineuse qui nous souhaite la bienvenue \u00e0 la MAS le Trimaran (non ce n&rsquo;est pas une faute de frappe c&rsquo;est bien la MAS pour Maison d\u2019Accueil Sp\u00e9cialis\u00e9e)<\/span><\/p>\n<p style=\"text-align: justify;\"><span style=\"font-weight: normal; font-family: inherit;\">Premier petit d\u00e9jeuner seul, dans le grand r\u00e9fectoire, ou comment l&rsquo;espace joue sur notre perception. Ma chaise est trop basse ou cette table trop haute, je repense \u00e0 cette exposition que j&rsquo;ai visit\u00e9 en fauteuil roulant avec un accrochage totalement inadapt\u00e9 \u00e0 ma hauteur de regard.<\/span><\/p>\n<p style=\"text-align: justify;\"><span style=\"font-weight: normal; font-family: inherit;\">Lors de mon premier tour de l&rsquo;\u00e9tablissement je ne vois qu&rsquo;une seule horloge, inattention de ma part?<\/span><\/p>\n<p>&nbsp;<\/p>\n<p>[\/et_pb_text][et_pb_image src=\u00a0\u00bbhttps:\/\/fabriceleroux.com\/wp-content\/uploads\/2019\/03\/FL74089-2.jpg\u00a0\u00bb align_tablet=\u00a0\u00bbcenter\u00a0\u00bb align_phone=\u00a0\u00bb\u00a0\u00bb align_last_edited=\u00a0\u00bbon|desktop\u00a0\u00bb _builder_version=\u00a0\u00bb4.27.4&Prime; max_width=\u00a0\u00bb97%\u00a0\u00bb custom_margin=\u00a0\u00bb17px||17px\u00a0\u00bb global_colors_info=\u00a0\u00bb{}\u00a0\u00bb]<br \/>\n[\/et_pb_image][et_pb_text _builder_version=\u00a0\u00bb4.16&Prime; text_font=\u00a0\u00bb||||||||\u00a0\u00bb text_text_color=\u00a0\u00bb#000000&Prime; text_orientation=\u00a0\u00bbjustify\u00a0\u00bb max_width=\u00a0\u00bb97%\u00a0\u00bb module_alignment=\u00a0\u00bbcenter\u00a0\u00bb z_index_tablet=\u00a0\u00bb500&Prime; text_text_align=\u00a0\u00bbjustify\u00a0\u00bb inline_fonts=\u00a0\u00bbTimes New Roman\u00a0\u00bb global_colors_info=\u00a0\u00bb{}\u00a0\u00bb]<\/p>\n<p><span style=\"font-family: inherit; font-weight: normal; color: #777777;\">Au dernier jour d&rsquo;immersion, si je devais r\u00e9sumer tous ces \u00e9changes, c&rsquo;est le mot \u00ab\u00a0amour\u00a0\u00bb qui serait certainement le plus juste.<\/span><\/p>\n<h2><\/h2>\n<h2 style=\"text-align: right;\"><\/h2>\n<p>[\/et_pb_text][\/et_pb_column][\/et_pb_row][\/et_pb_section][et_pb_section fb_built=\u00a0\u00bb1&Prime; _builder_version=\u00a0\u00bb4.16&Prime; custom_padding=\u00a0\u00bb0px|||||\u00a0\u00bb global_colors_info=\u00a0\u00bb{}\u00a0\u00bb][et_pb_row column_structure=\u00a0\u00bb1_2,1_2&Prime; _builder_version=\u00a0\u00bb4.16&Prime; min_height=\u00a0\u00bb103px\u00a0\u00bb global_colors_info=\u00a0\u00bb{}\u00a0\u00bb][et_pb_column type=\u00a0\u00bb1_2&Prime; _builder_version=\u00a0\u00bb4.16&Prime; custom_padding=\u00a0\u00bb|||\u00a0\u00bb global_colors_info=\u00a0\u00bb{}\u00a0\u00bb custom_padding__hover=\u00a0\u00bb|||\u00a0\u00bb][\/et_pb_column][et_pb_column type=\u00a0\u00bb1_2&Prime; _builder_version=\u00a0\u00bb4.16&Prime; custom_padding=\u00a0\u00bb|||\u00a0\u00bb global_colors_info=\u00a0\u00bb{}\u00a0\u00bb custom_padding__hover=\u00a0\u00bb|||\u00a0\u00bb][et_pb_text _builder_version=\u00a0\u00bb4.27.4&Prime; hover_enabled=\u00a0\u00bb0&Prime; z_index_tablet=\u00a0\u00bb500&Prime; text_text_shadow_horizontal_length_tablet=\u00a0\u00bb0px\u00a0\u00bb text_text_shadow_vertical_length_tablet=\u00a0\u00bb0px\u00a0\u00bb text_text_shadow_blur_strength_tablet=\u00a0\u00bb1px\u00a0\u00bb link_text_shadow_horizontal_length_tablet=\u00a0\u00bb0px\u00a0\u00bb link_text_shadow_vertical_length_tablet=\u00a0\u00bb0px\u00a0\u00bb link_text_shadow_blur_strength_tablet=\u00a0\u00bb1px\u00a0\u00bb ul_text_shadow_horizontal_length_tablet=\u00a0\u00bb0px\u00a0\u00bb ul_text_shadow_vertical_length_tablet=\u00a0\u00bb0px\u00a0\u00bb ul_text_shadow_blur_strength_tablet=\u00a0\u00bb1px\u00a0\u00bb ol_text_shadow_horizontal_length_tablet=\u00a0\u00bb0px\u00a0\u00bb ol_text_shadow_vertical_length_tablet=\u00a0\u00bb0px\u00a0\u00bb ol_text_shadow_blur_strength_tablet=\u00a0\u00bb1px\u00a0\u00bb quote_text_shadow_horizontal_length_tablet=\u00a0\u00bb0px\u00a0\u00bb quote_text_shadow_vertical_length_tablet=\u00a0\u00bb0px\u00a0\u00bb quote_text_shadow_blur_strength_tablet=\u00a0\u00bb1px\u00a0\u00bb header_text_shadow_horizontal_length_tablet=\u00a0\u00bb0px\u00a0\u00bb header_text_shadow_vertical_length_tablet=\u00a0\u00bb0px\u00a0\u00bb header_text_shadow_blur_strength_tablet=\u00a0\u00bb1px\u00a0\u00bb header_2_text_shadow_horizontal_length_tablet=\u00a0\u00bb0px\u00a0\u00bb header_2_text_shadow_vertical_length_tablet=\u00a0\u00bb0px\u00a0\u00bb header_2_text_shadow_blur_strength_tablet=\u00a0\u00bb1px\u00a0\u00bb header_3_text_shadow_horizontal_length_tablet=\u00a0\u00bb0px\u00a0\u00bb header_3_text_shadow_vertical_length_tablet=\u00a0\u00bb0px\u00a0\u00bb header_3_text_shadow_blur_strength_tablet=\u00a0\u00bb1px\u00a0\u00bb header_4_text_shadow_horizontal_length_tablet=\u00a0\u00bb0px\u00a0\u00bb header_4_text_shadow_vertical_length_tablet=\u00a0\u00bb0px\u00a0\u00bb header_4_text_shadow_blur_strength_tablet=\u00a0\u00bb1px\u00a0\u00bb header_5_text_shadow_horizontal_length_tablet=\u00a0\u00bb0px\u00a0\u00bb header_5_text_shadow_vertical_length_tablet=\u00a0\u00bb0px\u00a0\u00bb header_5_text_shadow_blur_strength_tablet=\u00a0\u00bb1px\u00a0\u00bb header_6_text_shadow_horizontal_length_tablet=\u00a0\u00bb0px\u00a0\u00bb header_6_text_shadow_vertical_length_tablet=\u00a0\u00bb0px\u00a0\u00bb header_6_text_shadow_blur_strength_tablet=\u00a0\u00bb1px\u00a0\u00bb box_shadow_horizontal_tablet=\u00a0\u00bb0px\u00a0\u00bb box_shadow_vertical_tablet=\u00a0\u00bb0px\u00a0\u00bb box_shadow_blur_tablet=\u00a0\u00bb40px\u00a0\u00bb box_shadow_spread_tablet=\u00a0\u00bb0px\u00a0\u00bb global_colors_info=\u00a0\u00bb{}\u00a0\u00bb sticky_enabled=\u00a0\u00bb0&Prime;]<\/p>\n<p style=\"text-align: right;\"><a href=\"https:\/\/fabriceleroux.com\/residence-mission-a-la-mas-le-trimaran-a-zuydcoote-2\/\"><span style=\"color: #777777;\">2 : Gestes artistiques<\/span><\/a><\/p>\n<p>[\/et_pb_text][\/et_pb_column][\/et_pb_row][\/et_pb_section]<\/p>\n","protected":false},"excerpt":{"rendered":"<p>Mas le Trimaran Zuydcoote Residency<br \/>\n18 March \/ 6 April 2019<br \/>\nWith the support of DRAC and ARS Hauts-de-France.<\/p>","protected":false},"author":1,"featured_media":0,"comment_status":"closed","ping_status":"closed","sticky":false,"template":"","format":"standard","meta":{"_et_pb_use_builder":"on","_et_pb_old_content":"<div class=\"et_pb_row et_pb_row_0\">\r\n<div class=\"et_pb_column et_pb_column_4_4 et_pb_column_0 et_pb_css_mix_blend_mode_passthrough et-last-child\">\r\n<div class=\"et_pb_module et_pb_text et_pb_text_0 et_pb_bg_layout_light et_pb_text_align_center\">\r\n<div class=\"et_pb_text_inner\">\r\n<h6 style=\"text-align: left;\">Du 18 mars au 6 avril 2019. Avec le soutien de la DRAC et de l\u2019ARS Hauts-de-France.<\/h6>\r\n<\/div>\r\n<div class=\"et_pb_row et_pb_row_1\">\r\n<div class=\"et_pb_column et_pb_column_4_4 et_pb_column_1 et_pb_css_mix_blend_mode_passthrough et-last-child\">\r\n<div class=\"et_pb_module et_pb_image et_pb_image_0 et_pb_image_sticky et_always_center_on_mobile\"><span class=\"et_pb_image_wrap \"><img class=\"alignleft\" src=\"https:\/\/fabriceleroux.com\/wp-content\/uploads\/2019\/03\/TRIMARAN-1.gif\" alt=\"\" data-pagespeed-url-hash=\"1167618550\" \/><\/span><\/div>\r\n<\/div>\r\n\r\n<div class=\"et_pb_row et_pb_row_2\">\r\n<div class=\"et_pb_column et_pb_column_4_4 et_pb_column_2 et_pb_css_mix_blend_mode_passthrough et-last-child\">\r\n<div class=\"et_pb_module et_pb_text et_pb_text_1 et_hover_enabled et_pb_bg_layout_light et_pb_text_align_left\">\r\n<div class=\"et_pb_text_inner\">\r\n<h4><\/h4>\r\n<h4 style=\"text-align: left;\">1 : l'immersion<\/h4>\r\n<h4>S\u2019interroger sur le temps au sein d\u2019une Maison d\u2019Accueil Sp\u00e9cialis\u00e9e.<\/h4>\r\n<h4>Y-a-t-il un rythme diff\u00e9rent dans l\u2019institut?<\/h4>\r\n<h4>Des ponctuations sonores : \u00ab\u00a0C* va dans ta chambre !\u00a0\u00bb, bruits de pas qui couinent sur le sol plastifi\u00e9, paroles incompr\u00e9hensibles, borborygmes, le ronron m\u00e9tronomique du compresseur de la machine \u00e0 caf\u00e9.<\/h4>\r\n<h4>A intervalle r\u00e9gulier, la lumi\u00e8re du couloir s\u2019\u00e9teint. De nouveau au loin les semelles croassent, quelqu\u2019un siffle <em><strong>maya l\u2019abeille.<\/strong><\/em><\/h4>\r\n<h4>Dans l\u2019attente les sens s\u2019affinent\u2026<\/h4>\r\n<h4>M\u00e9tronomique aussi l\u2019annonce lumineuse qui nous souhaite la bienvenue \u00e0 la MAS le Trimaran (non ce n\u2019est pas une faute de frappe c\u2019est bien la MAS pour Maison d\u2019Accueil Sp\u00e9cialis\u00e9e)<\/h4>\r\n<h4>Premier petit d\u00e9jeuner seul, dans le grand r\u00e9fectoire, ou comment l\u2019espace joue sur notre perception. Ma chaise est trop basse ou cette table trop haute, je repense \u00e0 cette exposition que j\u2019ai visit\u00e9 en fauteuil roulant avec un accrochage totalement inadapt\u00e9 \u00e0 ma hauteur de regard.<\/h4>\r\n<h4>Lors de mon premier tour de l\u2019\u00e9tablissement je ne vois qu\u2019une seule horloge, inattention de ma part?<\/h4>\r\n<h4>P\u00eale-m\u00eale : S* d\u00e9teste le lundi, la s\u00e9ance de <strong>Snoezelen<\/strong>** de 45 minutes per\u00e7ue comme 10. L\u2019expressivit\u00e9 du regard de M* durant cette s\u00e9ance.<\/h4>\r\n<h4>Le phras\u00e9 si diff\u00e9rent de la synth\u00e8se vocale, son rythme, les rythmes tous si diff\u00e9rents, et le cadre, les protocoles, le quotidien, les rendez-vous r\u00e9guliers, repas,activit\u00e9s ou pas, m\u00e9dicaments, petits incidents, les bruits divers que les professionnels entendent sans entendre avec ce petit d\u00e9tecteur qui scanne en cas d\u2019alerte.<\/h4>\r\n<h4>Et mon rythme, il en est o\u00f9 ?<\/h4>\r\n<h4>Ralentir, s\u2019adapter, \u00e0 contre temps, \u00eatre l\u00e0 dans l\u2019instant pour laisser \u00e9merger\u2026<\/h4>\r\n* Les personnes seront nomm\u00e9es par une lettre par soucis d\u2019anonymat.\r\n**D\u00e9velopp\u00e9 dans les ann\u00e9es 1970 , le terme <strong>Snoezelen<\/strong> est la contraction de <em>Snuffelen<\/em> (renifler, sentir) et de <em>Doezelen<\/em> (somnoler), que l\u2019on pourrait traduire autour de la notion d\u2019exploration sensorielle et de d\u00e9tente. Le <strong>Snoezelen<\/strong> est une activit\u00e9 v\u00e9cue dans un espace sp\u00e9cialement am\u00e9nag\u00e9, \u00e9clair\u00e9 d\u2019une lumi\u00e8re tamis\u00e9e, berc\u00e9 d\u2019une musique douce, un espace dont le but est de recr\u00e9er une ambiance agr\u00e9able.\r\n<div class=\"et_pb_row et_pb_row_3\">\r\n<div class=\"et_pb_column et_pb_column_4_4 et_pb_column_3 et_pb_css_mix_blend_mode_passthrough et-last-child\">\r\n<div class=\"et_pb_module et_pb_video et_pb_video_0\">\r\n<div class=\"et_pb_video_box\"><img class=\"size-full wp-image-32094 alignleft\" src=\"https:\/\/fabriceleroux.com\/wp-content\/uploads\/2019\/03\/TRIMARAN-1-1.gif\" alt=\"\" width=\"477\" height=\"269\" \/><\/div>\r\n<div class=\"et_pb_row et_pb_row_4 et_pb_equal_columns\">\r\n<div class=\"et_pb_column et_pb_column_4_4 et_pb_column_4 et_pb_css_mix_blend_mode_passthrough et-last-child\">\r\n<div class=\"et_pb_module et_pb_text et_pb_text_2 et_hover_enabled et_pb_bg_layout_light et_pb_text_align_left\">\r\n<div class=\"et_pb_text_inner\">\r\n<h4>Des premi\u00e8res fois, des souvenirs plus anciens, des souvenirs enfouis.<\/h4>\r\n<h4>La m\u00e9moire comme une \u00e9chelle temporelle.<\/h4>\r\n<h4>Sans crier gare, sans s\u2019y attendre, surgit l\u2019indicible, l\u2019ind\u00e9finissable, l\u2019inexprimable, \u00ab\u00a0l\u2019inquantifiable\u00a0\u00bb. Des yeux brillent, me disent tant sur une qualit\u00e9 relationnelle privil\u00e9gi\u00e9e.<\/h4>\r\n<h4>La perception celle d\u2019un monde \u00ab\u00a0ext\u00e9rieur\u00a0\u00bb, de ses coll\u00e8gues, des familles, des cadres, du temps qui passe.<\/h4>\r\n<h4><\/h4>\r\n<div class=\"et_pb_row et_pb_row_5\">\r\n<div class=\"et_pb_column et_pb_column_4_4 et_pb_column_5 et_pb_css_mix_blend_mode_passthrough et-last-child\">\r\n<div class=\"et_pb_module et_pb_image et_pb_image_1 et_always_center_on_mobile\"><span class=\"et_pb_image_wrap \"><img class=\"alignleft\" src=\"https:\/\/fabriceleroux.com\/wp-content\/uploads\/2019\/03\/FL74089.jpg\" alt=\"\" data-pagespeed-url-hash=\"1833339561\" \/><\/span><\/div>\r\n<\/div>\r\n<div class=\"et_pb_row et_pb_row_6 et_pb_equal_columns et_pb_row_empty\"><\/div>\r\n<div class=\"et_pb_column et_pb_column_4_4 et_pb_column_6 et_pb_css_mix_blend_mode_passthrough et-last-child et_pb_column_empty\"><\/div>\r\n<div class=\"et_pb_module et_pb_text et_pb_text_3 et_pb_bg_layout_light et_pb_text_align_left\">\r\n<div class=\"et_pb_text_inner\"><\/div>\r\n<h4>Au dernier jour d\u2019immersion, si je devais r\u00e9sumer tous ces \u00e9changes, c\u2019est le mot \u00ab\u00a0amour\u00a0\u00bb qui serait certainement le plus juste.<\/h4>\r\n<!--nextpage-->\r\n<h3 style=\"text-align: left;\">2 : Les gestes artistiques<\/h3>","_et_gb_content_width":"","footnotes":""},"categories":[337],"tags":[360,338,359],"class_list":["post-31986","post","type-post","status-publish","format-standard","hentry","category-residences","tag-360","tag-residences","tag-zuydcoote"],"yoast_head":"<!-- This site is optimized with the Yoast SEO plugin v27.3 - https:\/\/yoast.com\/product\/yoast-seo-wordpress\/ -->\n<title>R\u00e9sidence-mission \u00e0 la Mas le Trimaran \u00e0 Zuydcoote - Fabrice Leroux<\/title>\n<meta name=\"description\" content=\"R\u00e9sidence-mission Mas le Trimaran Zuydcoote Du 18 mars au 6 avril 2019. Avec le soutien de la DRAC et de l\u2019ARS Hauts-de-France.\" \/>\n<meta name=\"robots\" content=\"index, follow, max-snippet:-1, max-image-preview:large, max-video-preview:-1\" \/>\n<link rel=\"canonical\" href=\"https:\/\/fabriceleroux.com\/en\/residence-trimaran-zuydcoote\/\" \/>\n<meta property=\"og:locale\" content=\"en_GB\" \/>\n<meta property=\"og:type\" content=\"article\" \/>\n<meta property=\"og:title\" content=\"R\u00e9sidence-mission \u00e0 la Mas le Trimaran \u00e0 Zuydcoote - Fabrice Leroux\" \/>\n<meta property=\"og:description\" content=\"R\u00e9sidence-mission Mas le Trimaran Zuydcoote Du 18 mars au 6 avril 2019. Avec le soutien de la DRAC et de l\u2019ARS Hauts-de-France.\" \/>\n<meta property=\"og:url\" content=\"https:\/\/fabriceleroux.com\/en\/residence-trimaran-zuydcoote\/\" \/>\n<meta property=\"og:site_name\" content=\"Fabrice Leroux\" \/>\n<meta property=\"article:published_time\" content=\"2019-03-18T20:19:14+00:00\" \/>\n<meta property=\"article:modified_time\" content=\"2025-01-27T16:39:23+00:00\" \/>\n<meta property=\"og:image\" content=\"https:\/\/fabriceleroux.com\/wp-content\/uploads\/2020\/10\/LogoFl-2.png\" \/>\n\t<meta property=\"og:image:width\" content=\"107\" \/>\n\t<meta property=\"og:image:height\" content=\"107\" \/>\n\t<meta property=\"og:image:type\" content=\"image\/png\" \/>\n<meta name=\"author\" content=\"Edit\" \/>\n<meta name=\"twitter:card\" content=\"summary_large_image\" \/>\n<meta name=\"twitter:creator\" content=\"@fabriceleroux\" \/>\n<meta name=\"twitter:site\" content=\"@fabriceleroux\" \/>\n<meta name=\"twitter:label1\" content=\"Written by\" \/>\n\t<meta name=\"twitter:data1\" content=\"Edit\" \/>\n\t<meta name=\"twitter:label2\" content=\"Estimated reading time\" \/>\n\t<meta name=\"twitter:data2\" content=\"3 minutes\" \/>\n<script type=\"application\/ld+json\" class=\"yoast-schema-graph\">{\"@context\":\"https:\\\/\\\/schema.org\",\"@graph\":[{\"@type\":\"Article\",\"@id\":\"https:\\\/\\\/fabriceleroux.com\\\/residence-trimaran-zuydcoote\\\/#article\",\"isPartOf\":{\"@id\":\"https:\\\/\\\/fabriceleroux.com\\\/residence-trimaran-zuydcoote\\\/\"},\"author\":{\"name\":\"Edit\",\"@id\":\"https:\\\/\\\/fabriceleroux.com\\\/#\\\/schema\\\/person\\\/7d708730051ce6484a34c90e6baae455\"},\"headline\":\"R\u00e9sidence-mission \u00e0 la Mas le Trimaran \u00e0 Zuydcoote\",\"datePublished\":\"2019-03-18T20:19:14+00:00\",\"dateModified\":\"2025-01-27T16:39:23+00:00\",\"mainEntityOfPage\":{\"@id\":\"https:\\\/\\\/fabriceleroux.com\\\/residence-trimaran-zuydcoote\\\/\"},\"wordCount\":1264,\"publisher\":{\"@id\":\"https:\\\/\\\/fabriceleroux.com\\\/#\\\/schema\\\/person\\\/94fbf747db61c11aa8957b8494bb91c3\"},\"keywords\":[\"2019\",\"R\u00e9sidences\",\"Zuydcoote\"],\"articleSection\":[\"R\u00e9sidences\"],\"inLanguage\":\"en-GB\"},{\"@type\":\"WebPage\",\"@id\":\"https:\\\/\\\/fabriceleroux.com\\\/residence-trimaran-zuydcoote\\\/\",\"url\":\"https:\\\/\\\/fabriceleroux.com\\\/residence-trimaran-zuydcoote\\\/\",\"name\":\"R\u00e9sidence-mission \u00e0 la Mas le Trimaran \u00e0 Zuydcoote - Fabrice Leroux\",\"isPartOf\":{\"@id\":\"https:\\\/\\\/fabriceleroux.com\\\/#website\"},\"datePublished\":\"2019-03-18T20:19:14+00:00\",\"dateModified\":\"2025-01-27T16:39:23+00:00\",\"description\":\"R\u00e9sidence-mission Mas le Trimaran Zuydcoote Du 18 mars au 6 avril 2019. Avec le soutien de la DRAC et de l\u2019ARS Hauts-de-France.\",\"breadcrumb\":{\"@id\":\"https:\\\/\\\/fabriceleroux.com\\\/residence-trimaran-zuydcoote\\\/#breadcrumb\"},\"inLanguage\":\"en-GB\",\"potentialAction\":[{\"@type\":\"ReadAction\",\"target\":[\"https:\\\/\\\/fabriceleroux.com\\\/residence-trimaran-zuydcoote\\\/\"]}]},{\"@type\":\"BreadcrumbList\",\"@id\":\"https:\\\/\\\/fabriceleroux.com\\\/residence-trimaran-zuydcoote\\\/#breadcrumb\",\"itemListElement\":[{\"@type\":\"ListItem\",\"position\":1,\"name\":\"Accueil\",\"item\":\"https:\\\/\\\/fabriceleroux.com\\\/\"},{\"@type\":\"ListItem\",\"position\":2,\"name\":\"R\u00e9sidence-mission \u00e0 la Mas le Trimaran \u00e0 Zuydcoote\"}]},{\"@type\":\"WebSite\",\"@id\":\"https:\\\/\\\/fabriceleroux.com\\\/#website\",\"url\":\"https:\\\/\\\/fabriceleroux.com\\\/\",\"name\":\"Fabrice Leroux Artiste\",\"description\":\"Tentatives po\u00e9tiques de mise en \u0153uvre de mes questionnements.\",\"publisher\":{\"@id\":\"https:\\\/\\\/fabriceleroux.com\\\/#\\\/schema\\\/person\\\/94fbf747db61c11aa8957b8494bb91c3\"},\"potentialAction\":[{\"@type\":\"SearchAction\",\"target\":{\"@type\":\"EntryPoint\",\"urlTemplate\":\"https:\\\/\\\/fabriceleroux.com\\\/?s={search_term_string}\"},\"query-input\":{\"@type\":\"PropertyValueSpecification\",\"valueRequired\":true,\"valueName\":\"search_term_string\"}}],\"inLanguage\":\"en-GB\"},{\"@type\":[\"Person\",\"Organization\"],\"@id\":\"https:\\\/\\\/fabriceleroux.com\\\/#\\\/schema\\\/person\\\/94fbf747db61c11aa8957b8494bb91c3\",\"name\":\"Fabrice Leroux\",\"image\":{\"@type\":\"ImageObject\",\"inLanguage\":\"en-GB\",\"@id\":\"https:\\\/\\\/fabriceleroux.com\\\/wp-content\\\/uploads\\\/2020\\\/10\\\/LogoFl.png\",\"url\":\"https:\\\/\\\/fabriceleroux.com\\\/wp-content\\\/uploads\\\/2020\\\/10\\\/LogoFl.png\",\"contentUrl\":\"https:\\\/\\\/fabriceleroux.com\\\/wp-content\\\/uploads\\\/2020\\\/10\\\/LogoFl.png\",\"width\":107,\"height\":107,\"caption\":\"Fabrice Leroux\"},\"logo\":{\"@id\":\"https:\\\/\\\/fabriceleroux.com\\\/wp-content\\\/uploads\\\/2020\\\/10\\\/LogoFl.png\"}},{\"@type\":\"Person\",\"@id\":\"https:\\\/\\\/fabriceleroux.com\\\/#\\\/schema\\\/person\\\/7d708730051ce6484a34c90e6baae455\",\"name\":\"Edit\"}]}<\/script>\n<!-- \/ Yoast SEO plugin. -->","yoast_head_json":{"title":"Residence-mission at Mas le Trimaran in Zuydcoote - Fabrice Leroux","description":"R\u00e9sidence-mission Mas le Trimaran Zuydcoote Du 18 mars au 6 avril 2019. Avec le soutien de la DRAC et de l\u2019ARS Hauts-de-France.","robots":{"index":"index","follow":"follow","max-snippet":"max-snippet:-1","max-image-preview":"max-image-preview:large","max-video-preview":"max-video-preview:-1"},"canonical":"https:\/\/fabriceleroux.com\/en\/residence-trimaran-zuydcoote\/","og_locale":"en_GB","og_type":"article","og_title":"R\u00e9sidence-mission \u00e0 la Mas le Trimaran \u00e0 Zuydcoote - Fabrice Leroux","og_description":"R\u00e9sidence-mission Mas le Trimaran Zuydcoote Du 18 mars au 6 avril 2019. Avec le soutien de la DRAC et de l\u2019ARS Hauts-de-France.","og_url":"https:\/\/fabriceleroux.com\/en\/residence-trimaran-zuydcoote\/","og_site_name":"Fabrice Leroux","article_published_time":"2019-03-18T20:19:14+00:00","article_modified_time":"2025-01-27T16:39:23+00:00","og_image":[{"width":107,"height":107,"url":"https:\/\/fabriceleroux.com\/wp-content\/uploads\/2020\/10\/LogoFl-2.png","type":"image\/png"}],"author":"Edit","twitter_card":"summary_large_image","twitter_creator":"@fabriceleroux","twitter_site":"@fabriceleroux","twitter_misc":{"Written by":"Edit","Estimated reading time":"3 minutes"},"schema":{"@context":"https:\/\/schema.org","@graph":[{"@type":"Article","@id":"https:\/\/fabriceleroux.com\/residence-trimaran-zuydcoote\/#article","isPartOf":{"@id":"https:\/\/fabriceleroux.com\/residence-trimaran-zuydcoote\/"},"author":{"name":"Edit","@id":"https:\/\/fabriceleroux.com\/#\/schema\/person\/7d708730051ce6484a34c90e6baae455"},"headline":"R\u00e9sidence-mission \u00e0 la Mas le Trimaran \u00e0 Zuydcoote","datePublished":"2019-03-18T20:19:14+00:00","dateModified":"2025-01-27T16:39:23+00:00","mainEntityOfPage":{"@id":"https:\/\/fabriceleroux.com\/residence-trimaran-zuydcoote\/"},"wordCount":1264,"publisher":{"@id":"https:\/\/fabriceleroux.com\/#\/schema\/person\/94fbf747db61c11aa8957b8494bb91c3"},"keywords":["2019","R\u00e9sidences","Zuydcoote"],"articleSection":["R\u00e9sidences"],"inLanguage":"en-GB"},{"@type":"WebPage","@id":"https:\/\/fabriceleroux.com\/residence-trimaran-zuydcoote\/","url":"https:\/\/fabriceleroux.com\/residence-trimaran-zuydcoote\/","name":"Residence-mission at Mas le Trimaran in Zuydcoote - Fabrice Leroux","isPartOf":{"@id":"https:\/\/fabriceleroux.com\/#website"},"datePublished":"2019-03-18T20:19:14+00:00","dateModified":"2025-01-27T16:39:23+00:00","description":"R\u00e9sidence-mission Mas le Trimaran Zuydcoote Du 18 mars au 6 avril 2019. Avec le soutien de la DRAC et de l\u2019ARS Hauts-de-France.","breadcrumb":{"@id":"https:\/\/fabriceleroux.com\/residence-trimaran-zuydcoote\/#breadcrumb"},"inLanguage":"en-GB","potentialAction":[{"@type":"ReadAction","target":["https:\/\/fabriceleroux.com\/residence-trimaran-zuydcoote\/"]}]},{"@type":"BreadcrumbList","@id":"https:\/\/fabriceleroux.com\/residence-trimaran-zuydcoote\/#breadcrumb","itemListElement":[{"@type":"ListItem","position":1,"name":"Accueil","item":"https:\/\/fabriceleroux.com\/"},{"@type":"ListItem","position":2,"name":"R\u00e9sidence-mission \u00e0 la Mas le Trimaran \u00e0 Zuydcoote"}]},{"@type":"WebSite","@id":"https:\/\/fabriceleroux.com\/#website","url":"https:\/\/fabriceleroux.com\/","name":"Fabrice Leroux Artist","description":"Poetic attempts to implement my questions.","publisher":{"@id":"https:\/\/fabriceleroux.com\/#\/schema\/person\/94fbf747db61c11aa8957b8494bb91c3"},"potentialAction":[{"@type":"SearchAction","target":{"@type":"EntryPoint","urlTemplate":"https:\/\/fabriceleroux.com\/?s={search_term_string}"},"query-input":{"@type":"PropertyValueSpecification","valueRequired":true,"valueName":"search_term_string"}}],"inLanguage":"en-GB"},{"@type":["Person","Organization"],"@id":"https:\/\/fabriceleroux.com\/#\/schema\/person\/94fbf747db61c11aa8957b8494bb91c3","name":"Fabrice Leroux","image":{"@type":"ImageObject","inLanguage":"en-GB","@id":"https:\/\/fabriceleroux.com\/wp-content\/uploads\/2020\/10\/LogoFl.png","url":"https:\/\/fabriceleroux.com\/wp-content\/uploads\/2020\/10\/LogoFl.png","contentUrl":"https:\/\/fabriceleroux.com\/wp-content\/uploads\/2020\/10\/LogoFl.png","width":107,"height":107,"caption":"Fabrice Leroux"},"logo":{"@id":"https:\/\/fabriceleroux.com\/wp-content\/uploads\/2020\/10\/LogoFl.png"}},{"@type":"Person","@id":"https:\/\/fabriceleroux.com\/#\/schema\/person\/7d708730051ce6484a34c90e6baae455","name":"Edit"}]}},"_links":{"self":[{"href":"https:\/\/fabriceleroux.com\/en\/wp-json\/wp\/v2\/posts\/31986","targetHints":{"allow":["GET"]}}],"collection":[{"href":"https:\/\/fabriceleroux.com\/en\/wp-json\/wp\/v2\/posts"}],"about":[{"href":"https:\/\/fabriceleroux.com\/en\/wp-json\/wp\/v2\/types\/post"}],"author":[{"embeddable":true,"href":"https:\/\/fabriceleroux.com\/en\/wp-json\/wp\/v2\/users\/1"}],"replies":[{"embeddable":true,"href":"https:\/\/fabriceleroux.com\/en\/wp-json\/wp\/v2\/comments?post=31986"}],"version-history":[{"count":0,"href":"https:\/\/fabriceleroux.com\/en\/wp-json\/wp\/v2\/posts\/31986\/revisions"}],"wp:attachment":[{"href":"https:\/\/fabriceleroux.com\/en\/wp-json\/wp\/v2\/media?parent=31986"}],"wp:term":[{"taxonomy":"category","embeddable":true,"href":"https:\/\/fabriceleroux.com\/en\/wp-json\/wp\/v2\/categories?post=31986"},{"taxonomy":"post_tag","embeddable":true,"href":"https:\/\/fabriceleroux.com\/en\/wp-json\/wp\/v2\/tags?post=31986"}],"curies":[{"name":"wp","href":"https:\/\/api.w.org\/{rel}","templated":true}]}}