{"id":32404,"date":"2019-07-04T11:32:48","date_gmt":"2019-07-04T09:32:48","guid":{"rendered":"https:\/\/fabriceleroux.com\/?page_id=32404"},"modified":"2025-01-27T20:47:42","modified_gmt":"2025-01-27T19:47:42","slug":"residence-mission-a-la-mas-le-trimaran-a-zuydcoote-4","status":"publish","type":"post","link":"https:\/\/fabriceleroux.com\/en\/residence-mission-a-la-mas-le-trimaran-a-zuydcoote-4\/","title":{"rendered":"Residence at MAS le Trimaran Zuydcoote page4"},"content":{"rendered":"<p>[et_pb_section fb_built=\u00a0\u00bb1&Prime; fullwidth=\u00a0\u00bbon\u00a0\u00bb _builder_version=\u00a0\u00bb4.16&Prime; global_colors_info=\u00a0\u00bb{}\u00a0\u00bb][et_pb_fullwidth_slider _builder_version=\u00a0\u00bb4.16&Prime; header_font=\u00a0\u00bb||||||||\u00a0\u00bb custom_padding=\u00a0\u00bb7px|7px|7px|7px\u00a0\u00bb locked=\u00a0\u00bboff\u00a0\u00bb global_colors_info=\u00a0\u00bb{}\u00a0\u00bb][et_pb_slide heading=\u00a0\u00bbR\u00e9sidence-mission Mas le Trimaran Zuydcoote\u00a0\u00bb image=\u00a0\u00bbhttps:\/\/fabriceleroux.com\/wp-content\/uploads\/2019\/04\/Capillarit\u00e9.jpg\u00a0\u00bb use_bg_overlay=\u00a0\u00bbon\u00a0\u00bb bg_overlay_color=\u00a0\u00bb#000000&Prime; use_text_overlay=\u00a0\u00bbon\u00a0\u00bb text_overlay_color=\u00a0\u00bb#000000&Prime; text_border_radius=\u00a0\u00bb0px\u00a0\u00bb _builder_version=\u00a0\u00bb4.16&Prime; header_level=\u00a0\u00bbh6&Prime; header_font=\u00a0\u00bb|||||on|||\u00a0\u00bb header_text_align=\u00a0\u00bbcenter\u00a0\u00bb header_text_color=\u00a0\u00bb#FFFFFF\u00a0\u00bb header_font_size=\u00a0\u00bb17px\u00a0\u00bb body_font=\u00a0\u00bb||||||||\u00a0\u00bb body_text_align=\u00a0\u00bbcenter\u00a0\u00bb body_text_color=\u00a0\u00bb#ededed\u00a0\u00bb body_line_height=\u00a0\u00bb1.1em\u00a0\u00bb body_quote_font=\u00a0\u00bb||||||||\u00a0\u00bb max_width=\u00a0\u00bb100%\u00a0\u00bb box_shadow_style_image=\u00a0\u00bbpreset2&Prime; locked=\u00a0\u00bboff\u00a0\u00bb global_colors_info=\u00a0\u00bb{}\u00a0\u00bb sticky_transition=\u00a0\u00bbon\u00a0\u00bb]<\/p>\n<div class=\"et_pb_module et_pb_text et_pb_text_0 et_pb_bg_layout_light  et_pb_text_align_center\">\n<div class=\"et_pb_text_inner\">\n<h4 style=\"text-align: center;\"><span style=\"color: #999999;\">Du 18 mars au 6 avril 2019.<\/span><\/h4>\n<h4 style=\"text-align: center;\"><span style=\"color: #999999;\">Avec le soutien de la DRAC et de l\u2019ARS Hauts-de-France.<\/span><\/h4>\n<\/div>\n<\/div>\n<p>[\/et_pb_slide][\/et_pb_fullwidth_slider][\/et_pb_section][et_pb_section fb_built=\u00a0\u00bb1&Prime; _builder_version=\u00a0\u00bb4.16&Prime; max_width=\u00a0\u00bb97%\u00a0\u00bb custom_margin=\u00a0\u00bb0px||0px\u00a0\u00bb custom_padding=\u00a0\u00bb13px||0px|||\u00a0\u00bb global_colors_info=\u00a0\u00bb{}\u00a0\u00bb][et_pb_row column_structure=\u00a0\u00bb1_2,1_2&Prime; _builder_version=\u00a0\u00bb4.16&Prime; custom_padding=\u00a0\u00bb0px||0px\u00a0\u00bb global_colors_info=\u00a0\u00bb{}\u00a0\u00bb][et_pb_column type=\u00a0\u00bb1_2&Prime; _builder_version=\u00a0\u00bb4.16&Prime; custom_padding=\u00a0\u00bb|||\u00a0\u00bb global_colors_info=\u00a0\u00bb{}\u00a0\u00bb custom_padding__hover=\u00a0\u00bb|||\u00a0\u00bb][et_pb_text _builder_version=\u00a0\u00bb4.16&Prime; text_font=\u00a0\u00bb|300|||||||\u00a0\u00bb header_4_text_color=\u00a0\u00bb#000000&Prime; header_4_line_height=\u00a0\u00bb1.2em\u00a0\u00bb header_5_font=\u00a0\u00bb|300|||||||\u00a0\u00bb text_orientation=\u00a0\u00bbjustify\u00a0\u00bb custom_margin=\u00a0\u00bb||0px\u00a0\u00bb custom_margin_tablet=\u00a0\u00bb\u00a0\u00bb custom_margin_phone=\u00a0\u00bb\u00a0\u00bb custom_margin_last_edited=\u00a0\u00bbon|desktop\u00a0\u00bb custom_padding=\u00a0\u00bb|0px|2px|0px||\u00a0\u00bb z_index_tablet=\u00a0\u00bb500&Prime; text_text_align=\u00a0\u00bbjustify\u00a0\u00bb inline_fonts=\u00a0\u00bbArial\u00a0\u00bb global_colors_info=\u00a0\u00bb{}\u00a0\u00bb header_line_height__hover_enabled=\u00a0\u00bbon\u00a0\u00bb]<\/p>\n<p style=\"text-align: center;\"><span style=\"color: #808080;\"><strong>Gestes artistiques et m\u00e9diations<\/strong><\/span><\/p>\n<p style=\"text-align: justify;\"><span style=\"font-weight: normal; font-family: inherit; color: #808080;\">Quel plaisir de voir des curiosit\u00e9s, des dialogues, des questionnements \u00e9merg\u00e9s.<\/span><\/p>\n<p style=\"text-align: justify;\"><span style=\"font-weight: normal; font-family: inherit; color: #808080;\">Les \u00ab\u00a0m\u00e9diations\u00a0\u00bb autour de mon travail furent nombreuses, surtout avec les professionnels, mais moins des familles<\/span><\/p>\n<p style=\"text-align: justify;\"><span style=\"font-weight: normal; font-family: inherit; color: #808080;\">Les professionnelles qui restent \u00e0 distance quand je donne quelques cl\u00e9s autour de mon travail, elles n\u2019osent peut-\u00eatre pas encore me poser des questions mais je sens l\u2019\u00e9coute.<\/span><\/p>\n<p style=\"text-align: justify;\"><span style=\"font-weight: normal; font-family: inherit; color: #808080;\">Les professionnelles qui franchissent sans crainte les portes de l\u2019atelier pour venir me questionner, les familles que je croise dans les couloirs o\u00f9 nous partageons un moment, celle qui n\u2019avait pas vu les \u0153uvres install\u00e9es.<\/span><\/p>\n<p style=\"text-align: justify;\"><span style=\"font-weight: normal; font-family: inherit; color: #808080;\">Et tant de choses que je ne peux pas quantifier, un indicible qui m\u2019impr\u00e8gne, et qui je l\u2019esp\u00e8re vous aussi qui m\u2019accueillez.<\/span><\/p>\n<p style=\"text-align: justify;\"><span style=\"font-family: inherit; font-weight: normal; color: #808080;\">Les allers retours furent nombreux, de beaux moments fugaces et \u00e9mouvants.<\/span><\/p>\n<p style=\"text-align: justify;\"><span style=\"font-family: inherit; font-weight: normal; color: #808080;\">L\u2019animation des deux cercles d\u2019expression les deux lundis de suite furent de beaux moments, tr\u00e8s en dents de scies, mais je pense que c\u2019est assez normal, les sujets autour du temps et de nos passions n\u2019\u00e9taient pas forc\u00e9ment \u00e9vident \u00e0 exprimer. Mais de belles choses en sont sorties, pas seulement verbalement mais aussi par des rires et des sourires. On a aussi pu parler de tension notamment entre Jean-Charles et Maryvonne. (Pas s\u00fbr de l\u2019orthographe)<\/span><\/p>\n<p style=\"text-align: justify;\"><span style=\"font-family: inherit; font-weight: normal; color: #808080;\">Entendre les rires de C* qui m\u2019\u00e9vitait d\u00e8s que je tentais de lui parler et qui depuis hier me regarde dans les yeux, tra\u00eene autour des \u0153uvres que j\u2019ai install\u00e9 dans le hall d\u2019accueil.<\/span><\/p>\n<p style=\"text-align: justify;\"><span style=\"font-family: inherit; font-weight: normal; color: #808080;\">La surprise de voir P* rentrer dans l\u2019atelier et le sentir curieux notamment du sablier, qu\u2019il reviendra voir dans l\u2019apr\u00e8s-midi de la restitution.<\/span><\/p>\n<p>[\/et_pb_text][\/et_pb_column][et_pb_column type=\u00a0\u00bb1_2&Prime; _builder_version=\u00a0\u00bb4.16&Prime; custom_padding=\u00a0\u00bb|||\u00a0\u00bb global_colors_info=\u00a0\u00bb{}\u00a0\u00bb custom_padding__hover=\u00a0\u00bb|||\u00a0\u00bb][et_pb_text _builder_version=\u00a0\u00bb4.16&Prime; text_font=\u00a0\u00bb|300|||||||\u00a0\u00bb text_text_color=\u00a0\u00bb#777777&Prime; text_orientation=\u00a0\u00bbjustify\u00a0\u00bb width=\u00a0\u00bb97%\u00a0\u00bb max_width=\u00a0\u00bb97%\u00a0\u00bb module_alignment=\u00a0\u00bbcenter\u00a0\u00bb custom_margin=\u00a0\u00bb0px||0px\u00a0\u00bb z_index_tablet=\u00a0\u00bb500&Prime; text_text_align=\u00a0\u00bbjustify\u00a0\u00bb inline_fonts=\u00a0\u00bbGeorgia,Times New Roman\u00a0\u00bb global_colors_info=\u00a0\u00bb{}\u00a0\u00bb]<\/p>\n<p style=\"text-align: justify;\"><span style=\"color: #808080; font-weight: normal; font-family: inherit;\">Mais aussi les pr\u00e9sences tr\u00e8s r\u00e9guli\u00e8res d\u2019\u00c9* et S* qui n\u2019ont pas arr\u00eat\u00e9 de suivre mes exp\u00e9riences. Jusqu\u2019\u00e0 r\u00e9clamer de m\u2019aider. Je les ferais participer \u00e0 une couche de colle pour l\u2019horloge en cendre. (difficile, de leur faire faire plus, c\u2019est tr\u00e8s salissant et poussi\u00e9reux) mais cela ne les emp\u00eachera pas de venir regarder quasiment tous les jours comment je travaille. Surtout \u00c9* qui est rest\u00e9e des heures \u00e0 me regarder faire les \u00ab time-lapse \u00bb d\u2019horloges.<\/span><\/p>\n<p style=\"text-align: justify;\"><span style=\"color: #808080; font-weight: normal; font-family: inherit;\">J* depuis les cercles d\u2019expression est aussi tr\u00e8s curieux et est venu plusieurs fois \u00e0 l\u2019atelier. Je lui ai \u00ab fait pr\u00e9parer \u00bb des ciments et mortiers pour les cercles de construction.<\/span><\/p>\n<p style=\"text-align: justify;\"><span style=\"color: #808080; font-weight: normal; font-family: inherit;\">A* n\u2019a pas pu \u00eatre l\u00e0 le matin de la restitution, mais j\u2019ai pu lui faire une visite priv\u00e9e un peu plus tard, comme un instant privil\u00e9gi\u00e9 (Alain n\u2019aime pas trop le groupe, je l\u2019ai retrouv\u00e9 comme par hasard devant mon studio fumant une cigarette)<\/span><\/p>\n<p style=\"text-align: justify;\"><span style=\"color: #808080; font-weight: normal; font-family: inherit;\">C* qui ne tient pas en place retourne une fois de plus le sablier et semble hypnotis\u00e9 pour un moment. Il m\u2019interroge tr\u00e8s souvent : \u00ab a quoi \u00e7a sert ? \u00bb Il viendra aussi tr\u00e8s r\u00e9guli\u00e8rement visiter l\u2019atelier.<\/span><\/p>\n<p style=\"text-align: justify;\"><span style=\"color: #808080; font-weight: normal; font-family: inherit;\">Des moments tr\u00e8s privil\u00e9gi\u00e9s avec A* et B* que je sens triste de mon d\u00e9part.<\/span><\/p>\n<p style=\"text-align: justify;\"><span style=\"color: #808080; font-weight: normal; font-family: inherit;\">* Les personnes seront nomm\u00e9es par une lettre par soucis d\u2019anonymat, m\u00eame si aujourd&rsquo;hui pour moi ils elles ne sont plus des anonymes.<\/span><\/p>\n<p>[\/et_pb_text][\/et_pb_column][\/et_pb_row][et_pb_row column_structure=\u00a0\u00bb1_2,1_2&Prime; _builder_version=\u00a0\u00bb4.16&Prime; global_colors_info=\u00a0\u00bb{}\u00a0\u00bb][et_pb_column type=\u00a0\u00bb1_2&Prime; _builder_version=\u00a0\u00bb4.16&Prime; custom_padding=\u00a0\u00bb|||\u00a0\u00bb global_colors_info=\u00a0\u00bb{}\u00a0\u00bb custom_padding__hover=\u00a0\u00bb|||\u00a0\u00bb][et_pb_text _builder_version=\u00a0\u00bb4.27.4&Prime; text_font=\u00a0\u00bb|||||on|||\u00a0\u00bb text_text_color=\u00a0\u00bb#000000&Prime; hover_enabled=\u00a0\u00bb0&Prime; z_index_tablet=\u00a0\u00bb500&Prime; text_text_shadow_horizontal_length_tablet=\u00a0\u00bb0px\u00a0\u00bb text_text_shadow_vertical_length_tablet=\u00a0\u00bb0px\u00a0\u00bb text_text_shadow_blur_strength_tablet=\u00a0\u00bb1px\u00a0\u00bb link_text_shadow_horizontal_length_tablet=\u00a0\u00bb0px\u00a0\u00bb link_text_shadow_vertical_length_tablet=\u00a0\u00bb0px\u00a0\u00bb link_text_shadow_blur_strength_tablet=\u00a0\u00bb1px\u00a0\u00bb ul_text_shadow_horizontal_length_tablet=\u00a0\u00bb0px\u00a0\u00bb ul_text_shadow_vertical_length_tablet=\u00a0\u00bb0px\u00a0\u00bb ul_text_shadow_blur_strength_tablet=\u00a0\u00bb1px\u00a0\u00bb ol_text_shadow_horizontal_length_tablet=\u00a0\u00bb0px\u00a0\u00bb ol_text_shadow_vertical_length_tablet=\u00a0\u00bb0px\u00a0\u00bb ol_text_shadow_blur_strength_tablet=\u00a0\u00bb1px\u00a0\u00bb quote_text_shadow_horizontal_length_tablet=\u00a0\u00bb0px\u00a0\u00bb quote_text_shadow_vertical_length_tablet=\u00a0\u00bb0px\u00a0\u00bb quote_text_shadow_blur_strength_tablet=\u00a0\u00bb1px\u00a0\u00bb header_text_shadow_horizontal_length_tablet=\u00a0\u00bb0px\u00a0\u00bb header_text_shadow_vertical_length_tablet=\u00a0\u00bb0px\u00a0\u00bb header_text_shadow_blur_strength_tablet=\u00a0\u00bb1px\u00a0\u00bb header_2_text_shadow_horizontal_length_tablet=\u00a0\u00bb0px\u00a0\u00bb header_2_text_shadow_vertical_length_tablet=\u00a0\u00bb0px\u00a0\u00bb header_2_text_shadow_blur_strength_tablet=\u00a0\u00bb1px\u00a0\u00bb header_3_text_shadow_horizontal_length_tablet=\u00a0\u00bb0px\u00a0\u00bb header_3_text_shadow_vertical_length_tablet=\u00a0\u00bb0px\u00a0\u00bb header_3_text_shadow_blur_strength_tablet=\u00a0\u00bb1px\u00a0\u00bb header_4_text_shadow_horizontal_length_tablet=\u00a0\u00bb0px\u00a0\u00bb header_4_text_shadow_vertical_length_tablet=\u00a0\u00bb0px\u00a0\u00bb header_4_text_shadow_blur_strength_tablet=\u00a0\u00bb1px\u00a0\u00bb header_5_text_shadow_horizontal_length_tablet=\u00a0\u00bb0px\u00a0\u00bb header_5_text_shadow_vertical_length_tablet=\u00a0\u00bb0px\u00a0\u00bb header_5_text_shadow_blur_strength_tablet=\u00a0\u00bb1px\u00a0\u00bb header_6_text_shadow_horizontal_length_tablet=\u00a0\u00bb0px\u00a0\u00bb header_6_text_shadow_vertical_length_tablet=\u00a0\u00bb0px\u00a0\u00bb header_6_text_shadow_blur_strength_tablet=\u00a0\u00bb1px\u00a0\u00bb box_shadow_horizontal_tablet=\u00a0\u00bb0px\u00a0\u00bb box_shadow_vertical_tablet=\u00a0\u00bb0px\u00a0\u00bb box_shadow_blur_tablet=\u00a0\u00bb40px\u00a0\u00bb box_shadow_spread_tablet=\u00a0\u00bb0px\u00a0\u00bb global_colors_info=\u00a0\u00bb{}\u00a0\u00bb sticky_enabled=\u00a0\u00bb0&Prime;]<\/p>\n<p><span style=\"text-decoration: underline;\"><span style=\"color: #000000;\"><a style=\"color: #000000; text-decoration: underline;\" href=\"https:\/\/fabriceleroux.com\/residence-mission-a-la-mas-le-trimaran-a-zuydcoote-3\/\">3: Un temps de restitution<\/a><\/span><\/span><\/p>\n<div id=\"simple-translate\" class=\"simple-translate-system-theme\">\n<div>\n<div class=\"simple-translate-button isShow\" style=\"background-image: url('moz-extension:\/\/2732193e-ea10-426f-9bbf-999ac704ce15\/icons\/512.png'); height: 22px; width: 22px; top: 59px; left: -5px;\">\u00a0<\/div>\n<div class=\"simple-translate-panel \" style=\"width: 300px; height: 200px; top: 0px; left: 0px; font-size: 13px;\">\n<div class=\"simple-translate-result-wrapper\" style=\"overflow: hidden;\">\n<div class=\"simple-translate-move\" draggable=\"true\">\u00a0<\/div>\n<div class=\"simple-translate-result-contents\">\n<p class=\"simple-translate-result\" dir=\"auto\">\n<p class=\"simple-translate-candidate\" dir=\"auto\">\n<\/div>\n<\/div>\n<\/div>\n<\/div>\n<\/div>\n<p>[\/et_pb_text][\/et_pb_column][et_pb_column type=\u00a0\u00bb1_2&Prime; _builder_version=\u00a0\u00bb4.16&Prime; custom_padding=\u00a0\u00bb|||\u00a0\u00bb global_colors_info=\u00a0\u00bb{}\u00a0\u00bb custom_padding__hover=\u00a0\u00bb|||\u00a0\u00bb][\/et_pb_column][\/et_pb_row][\/et_pb_section]<\/p>\n","protected":false},"excerpt":{"rendered":"<p>What a pleasure to see curiosities, dialogues, questions emerging.<br \/>\nLes \u00ab m\u00e9diations \u00bb autour de mon travail furent nombreuses, surtout avec les professionnels, mais moins des familles<br \/>\nThe professionals who stay away when I give a few keys around my work, they may not dare to ask me questions yet but I feel the listening.<\/p>","protected":false},"author":1,"featured_media":0,"comment_status":"closed","ping_status":"closed","sticky":false,"template":"","format":"standard","meta":{"_et_pb_use_builder":"on","_et_pb_old_content":"","_et_gb_content_width":"","footnotes":""},"categories":[337],"tags":[360,338,359],"class_list":["post-32404","post","type-post","status-publish","format-standard","hentry","category-residences","tag-360","tag-residences","tag-zuydcoote"],"yoast_head":"<!-- This site is optimized with the Yoast SEO plugin v27.3 - https:\/\/yoast.com\/product\/yoast-seo-wordpress\/ -->\n<title>R\u00e9sidence \u00e0 la MAS le Trimaran Zuydcoote page4 - Fabrice Leroux<\/title>\n<meta name=\"description\" content=\"R\u00e9sidence-mission Mas le Trimaran Zuydcoote Du 18 mars au 6 avril 2019. Avec le soutien de la DRAC et de l\u2019ARS Hauts-de-France. page 4\" \/>\n<meta name=\"robots\" content=\"index, follow, max-snippet:-1, max-image-preview:large, max-video-preview:-1\" \/>\n<link rel=\"canonical\" href=\"https:\/\/fabriceleroux.com\/en\/residence-mission-a-la-mas-le-trimaran-a-zuydcoote-4\/\" \/>\n<meta property=\"og:locale\" content=\"en_GB\" \/>\n<meta property=\"og:type\" content=\"article\" \/>\n<meta property=\"og:title\" content=\"R\u00e9sidence \u00e0 la MAS le Trimaran Zuydcoote page4 - Fabrice Leroux\" \/>\n<meta property=\"og:description\" content=\"R\u00e9sidence-mission Mas le Trimaran Zuydcoote Du 18 mars au 6 avril 2019. Avec le soutien de la DRAC et de l\u2019ARS Hauts-de-France. page 4\" \/>\n<meta property=\"og:url\" content=\"https:\/\/fabriceleroux.com\/en\/residence-mission-a-la-mas-le-trimaran-a-zuydcoote-4\/\" \/>\n<meta property=\"og:site_name\" content=\"Fabrice Leroux\" \/>\n<meta property=\"article:published_time\" content=\"2019-07-04T09:32:48+00:00\" \/>\n<meta property=\"article:modified_time\" content=\"2025-01-27T19:47:42+00:00\" \/>\n<meta property=\"og:image\" content=\"https:\/\/fabriceleroux.com\/wp-content\/uploads\/2020\/10\/LogoFl-2.png\" \/>\n\t<meta property=\"og:image:width\" content=\"107\" \/>\n\t<meta property=\"og:image:height\" content=\"107\" \/>\n\t<meta property=\"og:image:type\" content=\"image\/png\" \/>\n<meta name=\"author\" content=\"Edit\" \/>\n<meta name=\"twitter:card\" content=\"summary_large_image\" \/>\n<meta name=\"twitter:creator\" content=\"@fabriceleroux\" \/>\n<meta name=\"twitter:site\" content=\"@fabriceleroux\" \/>\n<meta name=\"twitter:label1\" content=\"Written by\" \/>\n\t<meta name=\"twitter:data1\" content=\"Edit\" \/>\n\t<meta name=\"twitter:label2\" content=\"Estimated reading time\" \/>\n\t<meta name=\"twitter:data2\" content=\"3 minutes\" \/>\n<script type=\"application\/ld+json\" class=\"yoast-schema-graph\">{\"@context\":\"https:\\\/\\\/schema.org\",\"@graph\":[{\"@type\":\"Article\",\"@id\":\"https:\\\/\\\/fabriceleroux.com\\\/residence-mission-a-la-mas-le-trimaran-a-zuydcoote-4\\\/#article\",\"isPartOf\":{\"@id\":\"https:\\\/\\\/fabriceleroux.com\\\/residence-mission-a-la-mas-le-trimaran-a-zuydcoote-4\\\/\"},\"author\":{\"name\":\"Edit\",\"@id\":\"https:\\\/\\\/fabriceleroux.com\\\/#\\\/schema\\\/person\\\/7d708730051ce6484a34c90e6baae455\"},\"headline\":\"R\u00e9sidence \u00e0 la MAS le Trimaran Zuydcoote page4\",\"datePublished\":\"2019-07-04T09:32:48+00:00\",\"dateModified\":\"2025-01-27T19:47:42+00:00\",\"mainEntityOfPage\":{\"@id\":\"https:\\\/\\\/fabriceleroux.com\\\/residence-mission-a-la-mas-le-trimaran-a-zuydcoote-4\\\/\"},\"wordCount\":1203,\"publisher\":{\"@id\":\"https:\\\/\\\/fabriceleroux.com\\\/#\\\/schema\\\/person\\\/94fbf747db61c11aa8957b8494bb91c3\"},\"keywords\":[\"2019\",\"R\u00e9sidences\",\"Zuydcoote\"],\"articleSection\":[\"R\u00e9sidences\"],\"inLanguage\":\"en-GB\"},{\"@type\":\"WebPage\",\"@id\":\"https:\\\/\\\/fabriceleroux.com\\\/residence-mission-a-la-mas-le-trimaran-a-zuydcoote-4\\\/\",\"url\":\"https:\\\/\\\/fabriceleroux.com\\\/residence-mission-a-la-mas-le-trimaran-a-zuydcoote-4\\\/\",\"name\":\"R\u00e9sidence \u00e0 la MAS le Trimaran Zuydcoote page4 - Fabrice Leroux\",\"isPartOf\":{\"@id\":\"https:\\\/\\\/fabriceleroux.com\\\/#website\"},\"datePublished\":\"2019-07-04T09:32:48+00:00\",\"dateModified\":\"2025-01-27T19:47:42+00:00\",\"description\":\"R\u00e9sidence-mission Mas le Trimaran Zuydcoote Du 18 mars au 6 avril 2019. Avec le soutien de la DRAC et de l\u2019ARS Hauts-de-France. page 4\",\"breadcrumb\":{\"@id\":\"https:\\\/\\\/fabriceleroux.com\\\/residence-mission-a-la-mas-le-trimaran-a-zuydcoote-4\\\/#breadcrumb\"},\"inLanguage\":\"en-GB\",\"potentialAction\":[{\"@type\":\"ReadAction\",\"target\":[\"https:\\\/\\\/fabriceleroux.com\\\/residence-mission-a-la-mas-le-trimaran-a-zuydcoote-4\\\/\"]}]},{\"@type\":\"BreadcrumbList\",\"@id\":\"https:\\\/\\\/fabriceleroux.com\\\/residence-mission-a-la-mas-le-trimaran-a-zuydcoote-4\\\/#breadcrumb\",\"itemListElement\":[{\"@type\":\"ListItem\",\"position\":1,\"name\":\"Accueil\",\"item\":\"https:\\\/\\\/fabriceleroux.com\\\/\"},{\"@type\":\"ListItem\",\"position\":2,\"name\":\"R\u00e9sidence \u00e0 la MAS le Trimaran Zuydcoote page4\"}]},{\"@type\":\"WebSite\",\"@id\":\"https:\\\/\\\/fabriceleroux.com\\\/#website\",\"url\":\"https:\\\/\\\/fabriceleroux.com\\\/\",\"name\":\"Fabrice Leroux Artiste\",\"description\":\"Tentatives po\u00e9tiques de mise en \u0153uvre de mes questionnements.\",\"publisher\":{\"@id\":\"https:\\\/\\\/fabriceleroux.com\\\/#\\\/schema\\\/person\\\/94fbf747db61c11aa8957b8494bb91c3\"},\"potentialAction\":[{\"@type\":\"SearchAction\",\"target\":{\"@type\":\"EntryPoint\",\"urlTemplate\":\"https:\\\/\\\/fabriceleroux.com\\\/?s={search_term_string}\"},\"query-input\":{\"@type\":\"PropertyValueSpecification\",\"valueRequired\":true,\"valueName\":\"search_term_string\"}}],\"inLanguage\":\"en-GB\"},{\"@type\":[\"Person\",\"Organization\"],\"@id\":\"https:\\\/\\\/fabriceleroux.com\\\/#\\\/schema\\\/person\\\/94fbf747db61c11aa8957b8494bb91c3\",\"name\":\"Fabrice Leroux\",\"image\":{\"@type\":\"ImageObject\",\"inLanguage\":\"en-GB\",\"@id\":\"https:\\\/\\\/fabriceleroux.com\\\/wp-content\\\/uploads\\\/2020\\\/10\\\/LogoFl.png\",\"url\":\"https:\\\/\\\/fabriceleroux.com\\\/wp-content\\\/uploads\\\/2020\\\/10\\\/LogoFl.png\",\"contentUrl\":\"https:\\\/\\\/fabriceleroux.com\\\/wp-content\\\/uploads\\\/2020\\\/10\\\/LogoFl.png\",\"width\":107,\"height\":107,\"caption\":\"Fabrice Leroux\"},\"logo\":{\"@id\":\"https:\\\/\\\/fabriceleroux.com\\\/wp-content\\\/uploads\\\/2020\\\/10\\\/LogoFl.png\"}},{\"@type\":\"Person\",\"@id\":\"https:\\\/\\\/fabriceleroux.com\\\/#\\\/schema\\\/person\\\/7d708730051ce6484a34c90e6baae455\",\"name\":\"Edit\"}]}<\/script>\n<!-- \/ Yoast SEO plugin. -->","yoast_head_json":{"title":"Residence at MAS le Trimaran Zuydcoote page4 - Fabrice Leroux","description":"R\u00e9sidence-mission Mas le Trimaran Zuydcoote Du 18 mars au 6 avril 2019. Avec le soutien de la DRAC et de l\u2019ARS Hauts-de-France. page 4","robots":{"index":"index","follow":"follow","max-snippet":"max-snippet:-1","max-image-preview":"max-image-preview:large","max-video-preview":"max-video-preview:-1"},"canonical":"https:\/\/fabriceleroux.com\/en\/residence-mission-a-la-mas-le-trimaran-a-zuydcoote-4\/","og_locale":"en_GB","og_type":"article","og_title":"R\u00e9sidence \u00e0 la MAS le Trimaran Zuydcoote page4 - Fabrice Leroux","og_description":"R\u00e9sidence-mission Mas le Trimaran Zuydcoote Du 18 mars au 6 avril 2019. Avec le soutien de la DRAC et de l\u2019ARS Hauts-de-France. page 4","og_url":"https:\/\/fabriceleroux.com\/en\/residence-mission-a-la-mas-le-trimaran-a-zuydcoote-4\/","og_site_name":"Fabrice Leroux","article_published_time":"2019-07-04T09:32:48+00:00","article_modified_time":"2025-01-27T19:47:42+00:00","og_image":[{"width":107,"height":107,"url":"https:\/\/fabriceleroux.com\/wp-content\/uploads\/2020\/10\/LogoFl-2.png","type":"image\/png"}],"author":"Edit","twitter_card":"summary_large_image","twitter_creator":"@fabriceleroux","twitter_site":"@fabriceleroux","twitter_misc":{"Written by":"Edit","Estimated reading time":"3 minutes"},"schema":{"@context":"https:\/\/schema.org","@graph":[{"@type":"Article","@id":"https:\/\/fabriceleroux.com\/residence-mission-a-la-mas-le-trimaran-a-zuydcoote-4\/#article","isPartOf":{"@id":"https:\/\/fabriceleroux.com\/residence-mission-a-la-mas-le-trimaran-a-zuydcoote-4\/"},"author":{"name":"Edit","@id":"https:\/\/fabriceleroux.com\/#\/schema\/person\/7d708730051ce6484a34c90e6baae455"},"headline":"R\u00e9sidence \u00e0 la MAS le Trimaran Zuydcoote page4","datePublished":"2019-07-04T09:32:48+00:00","dateModified":"2025-01-27T19:47:42+00:00","mainEntityOfPage":{"@id":"https:\/\/fabriceleroux.com\/residence-mission-a-la-mas-le-trimaran-a-zuydcoote-4\/"},"wordCount":1203,"publisher":{"@id":"https:\/\/fabriceleroux.com\/#\/schema\/person\/94fbf747db61c11aa8957b8494bb91c3"},"keywords":["2019","R\u00e9sidences","Zuydcoote"],"articleSection":["R\u00e9sidences"],"inLanguage":"en-GB"},{"@type":"WebPage","@id":"https:\/\/fabriceleroux.com\/residence-mission-a-la-mas-le-trimaran-a-zuydcoote-4\/","url":"https:\/\/fabriceleroux.com\/residence-mission-a-la-mas-le-trimaran-a-zuydcoote-4\/","name":"Residence at MAS le Trimaran Zuydcoote page4 - Fabrice Leroux","isPartOf":{"@id":"https:\/\/fabriceleroux.com\/#website"},"datePublished":"2019-07-04T09:32:48+00:00","dateModified":"2025-01-27T19:47:42+00:00","description":"R\u00e9sidence-mission Mas le Trimaran Zuydcoote Du 18 mars au 6 avril 2019. Avec le soutien de la DRAC et de l\u2019ARS Hauts-de-France. page 4","breadcrumb":{"@id":"https:\/\/fabriceleroux.com\/residence-mission-a-la-mas-le-trimaran-a-zuydcoote-4\/#breadcrumb"},"inLanguage":"en-GB","potentialAction":[{"@type":"ReadAction","target":["https:\/\/fabriceleroux.com\/residence-mission-a-la-mas-le-trimaran-a-zuydcoote-4\/"]}]},{"@type":"BreadcrumbList","@id":"https:\/\/fabriceleroux.com\/residence-mission-a-la-mas-le-trimaran-a-zuydcoote-4\/#breadcrumb","itemListElement":[{"@type":"ListItem","position":1,"name":"Accueil","item":"https:\/\/fabriceleroux.com\/"},{"@type":"ListItem","position":2,"name":"R\u00e9sidence \u00e0 la MAS le Trimaran Zuydcoote page4"}]},{"@type":"WebSite","@id":"https:\/\/fabriceleroux.com\/#website","url":"https:\/\/fabriceleroux.com\/","name":"Fabrice Leroux Artist","description":"Poetic attempts to implement my questions.","publisher":{"@id":"https:\/\/fabriceleroux.com\/#\/schema\/person\/94fbf747db61c11aa8957b8494bb91c3"},"potentialAction":[{"@type":"SearchAction","target":{"@type":"EntryPoint","urlTemplate":"https:\/\/fabriceleroux.com\/?s={search_term_string}"},"query-input":{"@type":"PropertyValueSpecification","valueRequired":true,"valueName":"search_term_string"}}],"inLanguage":"en-GB"},{"@type":["Person","Organization"],"@id":"https:\/\/fabriceleroux.com\/#\/schema\/person\/94fbf747db61c11aa8957b8494bb91c3","name":"Fabrice Leroux","image":{"@type":"ImageObject","inLanguage":"en-GB","@id":"https:\/\/fabriceleroux.com\/wp-content\/uploads\/2020\/10\/LogoFl.png","url":"https:\/\/fabriceleroux.com\/wp-content\/uploads\/2020\/10\/LogoFl.png","contentUrl":"https:\/\/fabriceleroux.com\/wp-content\/uploads\/2020\/10\/LogoFl.png","width":107,"height":107,"caption":"Fabrice Leroux"},"logo":{"@id":"https:\/\/fabriceleroux.com\/wp-content\/uploads\/2020\/10\/LogoFl.png"}},{"@type":"Person","@id":"https:\/\/fabriceleroux.com\/#\/schema\/person\/7d708730051ce6484a34c90e6baae455","name":"Edit"}]}},"_links":{"self":[{"href":"https:\/\/fabriceleroux.com\/en\/wp-json\/wp\/v2\/posts\/32404","targetHints":{"allow":["GET"]}}],"collection":[{"href":"https:\/\/fabriceleroux.com\/en\/wp-json\/wp\/v2\/posts"}],"about":[{"href":"https:\/\/fabriceleroux.com\/en\/wp-json\/wp\/v2\/types\/post"}],"author":[{"embeddable":true,"href":"https:\/\/fabriceleroux.com\/en\/wp-json\/wp\/v2\/users\/1"}],"replies":[{"embeddable":true,"href":"https:\/\/fabriceleroux.com\/en\/wp-json\/wp\/v2\/comments?post=32404"}],"version-history":[{"count":0,"href":"https:\/\/fabriceleroux.com\/en\/wp-json\/wp\/v2\/posts\/32404\/revisions"}],"wp:attachment":[{"href":"https:\/\/fabriceleroux.com\/en\/wp-json\/wp\/v2\/media?parent=32404"}],"wp:term":[{"taxonomy":"category","embeddable":true,"href":"https:\/\/fabriceleroux.com\/en\/wp-json\/wp\/v2\/categories?post=32404"},{"taxonomy":"post_tag","embeddable":true,"href":"https:\/\/fabriceleroux.com\/en\/wp-json\/wp\/v2\/tags?post=32404"}],"curies":[{"name":"wp","href":"https:\/\/api.w.org\/{rel}","templated":true}]}}